{"id":18,"date":"2022-03-14T16:04:00","date_gmt":"2022-03-14T15:04:00","guid":{"rendered":"https:\/\/dev.myclim8.com\/?p=18"},"modified":"2024-07-11T16:42:32","modified_gmt":"2024-07-11T14:42:32","slug":"eddie-bauer-x-clim8-a-new-partnership-based-on-innovation","status":"publish","type":"post","link":"https:\/\/myclim8.com\/it\/blog\/eddie-bauer-x-clim8-a-new-partnership-based-on-innovation\/","title":{"rendered":"Eddie Bauer X Clim8\u00ae: una nuova partnership basata sull'innovazione"},"content":{"rendered":"<h2 class=\"wp-block-heading\">Quando uno storico marchio di abbigliamento da sci incontra le tecnologie indossabili<\/h2>\n\n\n\n<p>L'impegno del marchio Eddie Bauer va oltre le attivit\u00e0 che i suoi prodotti consentono di svolgere. I valori risalgono alle origini, quando il fondatore scelse di rendere l'esterno pi\u00f9 attraente incoraggiando le persone a uscire e a godersi la natura, anche in inverno.<\/p>\n\n\n\n<p>Insieme a Eddie Bauer, vogliamo permettere agli appassionati di outdoor di vivere la migliore esperienza termica e di iniziare una nuova avventura. Per questo abbiamo creato capi realizzati con tessuti flessibili e traspiranti e alimentati da un modulo resistente all'acqua e da un sistema di batterie intelligenti.<\/p>\n\n\n\n<h2 class=\"wp-block-heading\">Eddie Bauer: 100 anni di innovazione di prodotto per le avventure all'aria aperta<\/h2>\n\n\n\n<p>Tutto \u00e8 iniziato quando Eddie Bauer, una guida outdoor, aveva l'ambizione di garantire che tutte le persone fossero invitate, accettate e autorizzate a prosperare nella comunit\u00e0 outdoor. A tal fine, nel 1920, inizi\u00f2 a produrre abbigliamento outdoor.<\/p>\n\n\n\n<p>Dopo aver sofferto di ipotermia durante una battuta di pesca, Eddie Bauer brevett\u00f2 il primo piumino americano. In quel momento stava cercando di rivoluzionare il settore dei tessuti per le stagioni fredde e di cambiare per sempre l'industria dell'outdoor.<\/p>\n\n\n\n<figure class=\"wp-block-image size-full\"><img loading=\"lazy\" decoding=\"async\" width=\"1200\" height=\"500\" src=\"https:\/\/myclim8.com\/wp-content\/uploads\/2022\/03\/eddie-bauer-announcement3.webp\" alt=\"\" class=\"wp-image-1851\" srcset=\"https:\/\/myclim8.com\/wp-content\/uploads\/2022\/03\/eddie-bauer-announcement3.webp 1200w, https:\/\/myclim8.com\/wp-content\/uploads\/2022\/03\/eddie-bauer-announcement3-600x250.webp 600w, https:\/\/myclim8.com\/wp-content\/uploads\/2022\/03\/eddie-bauer-announcement3-768x320.webp 768w\" sizes=\"auto, (max-width: 1200px) 100vw, 1200px\" \/><\/figure>\n\n\n\n<p><strong>Uno dei prodotti di Eddie Bauer, \u00e8 stato il primo equipaggiamento per le spedizioni alpinistiche e scientifiche americane in tutto il mondo nei 30 anni successivi.<\/strong><\/p>\n\n\n\n<p>I loro prodotti hanno fatto parte del record della temperatura pi\u00f9 fredda mai registrata sulla Terra (-102,1\u00b0F, circa -74\u00b0C) e ha effettuato molte ascensioni alle pi\u00f9 grandi montagne fredde, come il Monte Everest e la sua Cresta Ovest e la Grande Torre del Tango.<\/p>\n\n\n\n<p>L'obiettivo di Eddie Bauer \u00e8 sempre stato quello di ispirare le persone a uscire all'aperto durante l'inverno e per questo oggi collaborer\u00e0 con il nostro marchio Clim8\u00ae, che soddisfa pienamente le loro ambizioni.<\/p>\n\n\n\n<p><strong>\"Il nostro obiettivo \u00e8 fornire prodotti che consentano alle persone di vivere all'aria aperta e con Clim8 possiamo offrire un nuovo livello di protezione indipendentemente dalle condizioni atmosferiche\", ha dichiarato Damien Huang, CEO di Eddie Bauer.<\/strong><\/p>\n\n\n\n<p>Grazie a questa nuova collaborazione, non ci saranno dubbi sul fatto che potrete godervi l'aria aperta come mai prima d'ora. La tecnologia di riscaldamento intelligente Clim8\u00ae manterr\u00e0 la temperatura di comfort corporeo prescelta in base all'intensit\u00e0 dell'attivit\u00e0, in un capo versatile, elastico, resistente all'acqua e traspirante vicino alla pelle.<\/p>\n\n\n\n<p>Sia che stiate sciando, facendo escursioni o trascorrendo del tempo con la vostra famiglia sulla neve, i vostri indumenti vi permetteranno di liberare la mente e di concentrarvi sull'azione.<\/p>\n\n\n\n<p>I vostri capi saranno disponibili nella stagione autunnale e invernale 2022.<\/p>\n\n\n\n<figure class=\"wp-block-image size-full\"><img loading=\"lazy\" decoding=\"async\" width=\"1200\" height=\"800\" src=\"https:\/\/myclim8.com\/wp-content\/uploads\/2022\/03\/eddie-bauer-announcement2.webp\" alt=\"\" class=\"wp-image-1850\" srcset=\"https:\/\/myclim8.com\/wp-content\/uploads\/2022\/03\/eddie-bauer-announcement2.webp 1200w, https:\/\/myclim8.com\/wp-content\/uploads\/2022\/03\/eddie-bauer-announcement2-600x400.webp 600w, https:\/\/myclim8.com\/wp-content\/uploads\/2022\/03\/eddie-bauer-announcement2-768x512.webp 768w\" sizes=\"auto, (max-width: 1200px) 100vw, 1200px\" \/><\/figure>\n\n\n\n<p>Clim8 collabora con i migliori marchi al mondo per progettare e disegnare i prodotti pi\u00f9 adatti alle esigenze e al comfort degli utenti. Li rendiamo intelligenti in modo che possano adattarsi alle esigenze e alle preferenze di ciascun utente, consentendogli di godere della massima esperienza termica personalizzata, indisturbato dalle condizioni atmosferiche.<\/p>\n\n\n\n<p>I marchi hanno l'ambizione di rendere i prodotti gi\u00e0 buoni ancora migliori! \u00c8 per questo che Clim8 \u00e8 stato creato. Integrata nei marchi premium, la tecnologia termica Clim8\u00ae rende i prodotti di alta gamma ancora migliori, consentendo ai marchi di fare la differenza con un valore aggiunto.<\/p>\n\n\n\n<p><strong>Se volete scoprire tutti i capi di questa collaborazione, restate sintonizzati sui nostri social media, qui sotto!<\/strong><\/p>","protected":false},"excerpt":{"rendered":"<p>When a historic skiwear brand meets wearable technologies The Eddie Bauer brand\u2019s commitment goes beyond the activities its products enable. The values go back to the beginning, when the founder chose to make the outside more attractive by encouraging people to get out and enjoy nature, even in winter. Together with Eddie Bauer, we want [&hellip;]<\/p>\n","protected":false},"author":3,"featured_media":1849,"comment_status":"closed","ping_status":"open","sticky":false,"template":"","format":"standard","meta":{"_acf_changed":false,"_seopress_robots_primary_cat":"","_seopress_titles_title":"","_seopress_titles_desc":"","_seopress_robots_index":"","footnotes":""},"categories":[1],"tags":[],"class_list":{"0":"post-18","1":"post","2":"type-post","3":"status-publish","4":"format-standard","5":"has-post-thumbnail","7":"category-blog"},"acf":[],"_links":{"self":[{"href":"https:\/\/myclim8.com\/it\/wp-json\/wp\/v2\/posts\/18","targetHints":{"allow":["GET"]}}],"collection":[{"href":"https:\/\/myclim8.com\/it\/wp-json\/wp\/v2\/posts"}],"about":[{"href":"https:\/\/myclim8.com\/it\/wp-json\/wp\/v2\/types\/post"}],"author":[{"embeddable":true,"href":"https:\/\/myclim8.com\/it\/wp-json\/wp\/v2\/users\/3"}],"replies":[{"embeddable":true,"href":"https:\/\/myclim8.com\/it\/wp-json\/wp\/v2\/comments?post=18"}],"version-history":[{"count":0,"href":"https:\/\/myclim8.com\/it\/wp-json\/wp\/v2\/posts\/18\/revisions"}],"wp:featuredmedia":[{"embeddable":true,"href":"https:\/\/myclim8.com\/it\/wp-json\/wp\/v2\/media\/1849"}],"wp:attachment":[{"href":"https:\/\/myclim8.com\/it\/wp-json\/wp\/v2\/media?parent=18"}],"wp:term":[{"taxonomy":"category","embeddable":true,"href":"https:\/\/myclim8.com\/it\/wp-json\/wp\/v2\/categories?post=18"},{"taxonomy":"post_tag","embeddable":true,"href":"https:\/\/myclim8.com\/it\/wp-json\/wp\/v2\/tags?post=18"}],"curies":[{"name":"wp","href":"https:\/\/api.w.org\/{rel}","templated":true}]}}