{"id":90,"date":"2023-05-04T14:45:00","date_gmt":"2023-05-04T12:45:00","guid":{"rendered":"https:\/\/dev.myclim8.com\/?p=90"},"modified":"2024-07-11T16:42:32","modified_gmt":"2024-07-11T14:42:32","slug":"our-top-10-motorcycle-rides-in-europe-for-spring","status":"publish","type":"post","link":"https:\/\/myclim8.com\/fr\/blog\/our-top-10-motorcycle-rides-in-europe-for-spring\/","title":{"rendered":"Nos 10 meilleures balades \u00e0 moto en Europe pour le printemps"},"content":{"rendered":"<p>La saison tant attendue est arriv\u00e9e : Le printemps. Et peut-\u00eatre vous demandez-vous quelle balade \u00e0 moto vous pouvez faire avant que les rayons du soleil ne vous tombent sur la t\u00eate. Pour cela, nous avons dress\u00e9 une liste de nos meilleures balades \u00e0 moto en Europe au printemps.<\/p>\n\n\n\n<p>Et n'oubliez pas que la plupart de ces routes sont en altitude, donc m\u00eame s'il commence \u00e0 faire chaud dans les villes, vous pourriez \u00eatre gel\u00e9 l\u00e0-haut. N'oubliez donc pas vos gants chauffants Clim8\u00ae qui ont \u00e9t\u00e9 con\u00e7us pour vous accompagner lors de vos plus belles aventures sur la route.<\/p>\n\n\n\n<h2 class=\"wp-block-heading\">D76 - Combe Laval, France<\/h2>\n\n\n\n<figure class=\"wp-block-image size-full\"><img loading=\"lazy\" decoding=\"async\" width=\"1200\" height=\"900\" src=\"https:\/\/myclim8.com\/wp-content\/uploads\/2023\/05\/combe-laval-route.webp\" alt=\"\" class=\"wp-image-1772\" srcset=\"https:\/\/myclim8.com\/wp-content\/uploads\/2023\/05\/combe-laval-route.webp 1200w, https:\/\/myclim8.com\/wp-content\/uploads\/2023\/05\/combe-laval-route-600x450.webp 600w, https:\/\/myclim8.com\/wp-content\/uploads\/2023\/05\/combe-laval-route-768x576.webp 768w\" sizes=\"auto, (max-width: 1200px) 100vw, 1200px\" \/><\/figure>\n\n\n\n<p><em>Source : Moto-Trip.com<\/em><\/p>\n\n\n\n<p>En plus d'\u00eatre l'une des routes les plus spectaculaires du pays, c'est aussi un patrimoine national \u00e0 ne pas manquer. Avec des vues et des paysages uniques, cette route est s\u00e9par\u00e9e des zones environnantes par les falaises les plus abruptes. Telle une forteresse, la route tourne autour des montagnes du Vercors sur plus de quatre kilom\u00e8tres, en passant par des tunnels et des chauss\u00e9es m\u00e9talliques. Il suffit de se m\u00e9fier des falaises et de profiter de la vue.<\/p>\n\n\n\n<h2 class=\"wp-block-heading\">Strada della Forra, Italie<\/h2>\n\n\n\n<figure class=\"wp-block-image size-full\"><img loading=\"lazy\" decoding=\"async\" width=\"1200\" height=\"800\" src=\"https:\/\/myclim8.com\/wp-content\/uploads\/2023\/05\/forra-route.webp\" alt=\"\" class=\"wp-image-1773\" srcset=\"https:\/\/myclim8.com\/wp-content\/uploads\/2023\/05\/forra-route.webp 1200w, https:\/\/myclim8.com\/wp-content\/uploads\/2023\/05\/forra-route-600x400.webp 600w, https:\/\/myclim8.com\/wp-content\/uploads\/2023\/05\/forra-route-768x512.webp 768w\" sizes=\"auto, (max-width: 1200px) 100vw, 1200px\" \/><\/figure>\n\n\n\n<p><em>Source : \u00c9v\u00e9nements Gran Turismo<\/em><\/p>\n\n\n\n<p>Qualifi\u00e9e de huiti\u00e8me merveille du monde par Winston Churchill, la Via della Forra est connue comme l'une des routes les plus fra\u00eeches et les plus humides de la r\u00e9gion. Une route qui vous permettra de vous immerger dans un spectacle naturel combinant lumi\u00e8re et obscurit\u00e9, avec une vue spectaculaire sur le lac de Garde. En descendant, profitez des restaurants d'altitude qui bordent la route, puis poursuivez votre chemin.<\/p>\n\n\n\n<h2 class=\"wp-block-heading\">Col du Klausen, Suisse<\/h2>\n\n\n\n<figure class=\"wp-block-image size-full\"><img loading=\"lazy\" decoding=\"async\" width=\"1200\" height=\"554\" src=\"https:\/\/myclim8.com\/wp-content\/uploads\/2023\/05\/klausenpass-route.webp\" alt=\"\" class=\"wp-image-1775\" srcset=\"https:\/\/myclim8.com\/wp-content\/uploads\/2023\/05\/klausenpass-route.webp 1200w, https:\/\/myclim8.com\/wp-content\/uploads\/2023\/05\/klausenpass-route-600x277.webp 600w, https:\/\/myclim8.com\/wp-content\/uploads\/2023\/05\/klausenpass-route-768x355.webp 768w\" sizes=\"auto, (max-width: 1200px) 100vw, 1200px\" \/><\/figure>\n\n\n\n<p><em>Source : The French Ride<\/em><\/p>\n\n\n\n<p>Si vous aimez la vitesse sur la route, celle-ci est pour vous. La route 17 entre Altdorf et Linthal, se resserre \u00e0 certains endroits. Les courbes serr\u00e9es vous obligent \u00e0 r\u00e9duire votre vitesse \u00e0 certains endroits pour profiter des belles vues sur les champs et les montagnes qui vous entourent. Cependant, les aper\u00e7us de la route devant vous vous pousseront \u00e0 acc\u00e9l\u00e9rer fortement \u00e0 d'autres endroits. Soyez prudent et profitez de la balade, vous aurez l'impression de n'\u00eatre qu'une toute petite personne au milieu des montagnes.<\/p>\n\n\n\n<h2 class=\"wp-block-heading\">Col de la Bonnette, France<\/h2>\n\n\n\n<figure class=\"wp-block-image size-full\"><img loading=\"lazy\" decoding=\"async\" width=\"1200\" height=\"720\" src=\"https:\/\/myclim8.com\/wp-content\/uploads\/2023\/05\/col-bonette-route.webp\" alt=\"\" class=\"wp-image-1771\" srcset=\"https:\/\/myclim8.com\/wp-content\/uploads\/2023\/05\/col-bonette-route.webp 1200w, https:\/\/myclim8.com\/wp-content\/uploads\/2023\/05\/col-bonette-route-600x360.webp 600w, https:\/\/myclim8.com\/wp-content\/uploads\/2023\/05\/col-bonette-route-768x461.webp 768w\" sizes=\"auto, (max-width: 1200px) 100vw, 1200px\" \/><\/figure>\n\n\n\n<p><em>Source : Thomas Lang<\/em><\/p>\n\n\n\n<p>Monter le col de la Bonnette, c'est profiter de l'ascension de l'un des points les plus \u00e9lev\u00e9s que l'on puisse atteindre sur une route goudronn\u00e9e en Europe. Ajoutez cette route \u00e0 votre liste de choses \u00e0 faire, car elle est consid\u00e9r\u00e9e comme tr\u00e8s difficile et vous serez tr\u00e8s fier de la conqu\u00e9rir et de la raconter. Soyez attentif et profitez des vues \u00e0 couper le souffle qui vous entourent.<\/p>\n\n\n\n<h2 class=\"wp-block-heading\">AL3102 - Bacares, Velifique, Espagne<\/h2>\n\n\n\n<figure class=\"wp-block-image size-full\"><img loading=\"lazy\" decoding=\"async\" width=\"1200\" height=\"675\" src=\"https:\/\/myclim8.com\/wp-content\/uploads\/2023\/05\/bacares-route.webp\" alt=\"\" class=\"wp-image-1769\" srcset=\"https:\/\/myclim8.com\/wp-content\/uploads\/2023\/05\/bacares-route.webp 1200w, https:\/\/myclim8.com\/wp-content\/uploads\/2023\/05\/bacares-route-600x338.webp 600w, https:\/\/myclim8.com\/wp-content\/uploads\/2023\/05\/bacares-route-768x432.webp 768w\" sizes=\"auto, (max-width: 1200px) 100vw, 1200px\" \/><\/figure>\n\n\n\n<p><em>Source : Scenic Motorcycle Navigation<\/em><\/p>\n\n\n\n<p>\u00c0 2050 m\u00e8tres au-dessus du niveau de la mer, cette route dans la r\u00e9gion d'Almeria est probablement l'une des plus belles routes d'Europe \u00e0 faire au printemps. Apr\u00e8s 31 km, vous atteindrez le sommet, d'o\u00f9, par temps clair, vous aurez une vue imprenable sur le d\u00e9sert de Tabernas et le parc national de la Sierra Nevada. Attention toutefois, il peut faire tr\u00e8s froid l\u00e0-haut, m\u00eame si les temp\u00e9ratures augmentent dans le sud du pays.<\/p>\n\n\n\n<h2 class=\"wp-block-heading\">North Coast 500, Royaume-Uni<\/h2>\n\n\n\n<figure class=\"wp-block-image size-full\"><img loading=\"lazy\" decoding=\"async\" width=\"1200\" height=\"549\" src=\"https:\/\/myclim8.com\/wp-content\/uploads\/2023\/05\/northcoast-route.webp\" alt=\"\" class=\"wp-image-1776\" srcset=\"https:\/\/myclim8.com\/wp-content\/uploads\/2023\/05\/northcoast-route.webp 1200w, https:\/\/myclim8.com\/wp-content\/uploads\/2023\/05\/northcoast-route-600x275.webp 600w, https:\/\/myclim8.com\/wp-content\/uploads\/2023\/05\/northcoast-route-768x351.webp 768w\" sizes=\"auto, (max-width: 1200px) 100vw, 1200px\" \/><\/figure>\n\n\n\n<p><em>Source : Dayinsure<\/em><\/p>\n\n\n\n<p>Cette route est une boucle de 500 miles autour de la r\u00e9gion nord de l'\u00c9cosse, offrant des vues imprenables sur les Highlands d'\u00c9cosse et le littoral. L'itin\u00e9raire comprend des routes sinueuses et des terrains difficiles, ce qui en fait une destination populaire pour les cyclistes exp\u00e9riment\u00e9s. C'est l'une des routes les plus pittoresques du Royaume-Uni et vous allez l'adorer ! Le long de la route, vous trouverez des ch\u00e2teaux, des montagnes qui grimpent et des plages incroyables !<\/p>\n\n\n\n<h2 class=\"wp-block-heading\">Route romantique, Allemagne<\/h2>\n\n\n\n<figure class=\"wp-block-image size-full\"><img loading=\"lazy\" decoding=\"async\" width=\"1200\" height=\"800\" src=\"https:\/\/myclim8.com\/wp-content\/uploads\/2023\/05\/romantic-route.webp\" alt=\"\" class=\"wp-image-1777\" srcset=\"https:\/\/myclim8.com\/wp-content\/uploads\/2023\/05\/romantic-route.webp 1200w, https:\/\/myclim8.com\/wp-content\/uploads\/2023\/05\/romantic-route-600x400.webp 600w, https:\/\/myclim8.com\/wp-content\/uploads\/2023\/05\/romantic-route-768x512.webp 768w\" sizes=\"auto, (max-width: 1200px) 100vw, 1200px\" \/><\/figure>\n\n\n\n<p><em>Source : The Times Le Times<\/em><\/p>\n\n\n\n<p>Cette route panoramique traverse de charmantes villes et la campagne pittoresque du sud de l'Allemagne. L'itin\u00e9raire comprend des arr\u00eats \u00e0 des attractions culturelles et historiques telles que la r\u00e9sidence de W\u00fcrzburg et le ch\u00e2teau de Neuschwanstein, et il contient tout ce qu'il faut pour l'\u00e9poque m\u00e9di\u00e9vale. L'itin\u00e9raire totalise 400 km, nous vous conseillons donc de prendre votre temps et de consacrer quatre \u00e0 sept jours pour le parcourir.<\/p>\n\n\n\n<h2 class=\"wp-block-heading\">D918 - Col du Tourmalet, France<\/h2>\n\n\n\n<figure class=\"wp-block-image size-full\"><img loading=\"lazy\" decoding=\"async\" width=\"1200\" height=\"503\" src=\"https:\/\/myclim8.com\/wp-content\/uploads\/2023\/05\/tourmalet-route.webp\" alt=\"\" class=\"wp-image-1778\" srcset=\"https:\/\/myclim8.com\/wp-content\/uploads\/2023\/05\/tourmalet-route.webp 1200w, https:\/\/myclim8.com\/wp-content\/uploads\/2023\/05\/tourmalet-route-600x252.webp 600w, https:\/\/myclim8.com\/wp-content\/uploads\/2023\/05\/tourmalet-route-768x322.webp 768w\" sizes=\"auto, (max-width: 1200px) 100vw, 1200px\" \/><\/figure>\n\n\n\n<p><em>Source : H\u00f4tel Pyr\u00e9n\u00e9es Cyclisme<\/em><\/p>\n\n\n\n<p>Celle qui doit figurer dans toutes vos listes de souhaits. C'est l'une des routes les plus impressionnantes de France. C'est l'un des endroits o\u00f9 l'on a l'impression de rouler entre les nuages. Cet endroit a toujours \u00e9t\u00e9 un lieu l\u00e9gendaire pour les motards. Ce qui rend cette route si attrayante, ce sont ses longues rampes qui ne sont interrompues que par quelques virages en cours de route. Lorsque vous atteignez le sommet, vous vous trouvez \u00e0 2 115 m d'altitude.<\/p>\n\n\n\n<h2 class=\"wp-block-heading\">For\u00eat Noire, Allemagne<\/h2>\n\n\n\n<figure class=\"wp-block-image size-full\"><img loading=\"lazy\" decoding=\"async\" width=\"1200\" height=\"598\" src=\"https:\/\/myclim8.com\/wp-content\/uploads\/2023\/05\/black-forest-route.webp\" alt=\"\" class=\"wp-image-1770\" srcset=\"https:\/\/myclim8.com\/wp-content\/uploads\/2023\/05\/black-forest-route.webp 1200w, https:\/\/myclim8.com\/wp-content\/uploads\/2023\/05\/black-forest-route-600x299.webp 600w, https:\/\/myclim8.com\/wp-content\/uploads\/2023\/05\/black-forest-route-768x383.webp 768w\" sizes=\"auto, (max-width: 1200px) 100vw, 1200px\" \/><\/figure>\n\n\n\n<p><em>Source : TomTom<\/em><\/p>\n\n\n\n<p>Situ\u00e9e sur les rives du Rhin, la For\u00eat-Noire est une cha\u00eene de montagnes bois\u00e9es et une r\u00e9gion c\u00e9l\u00e8bre pour ses coucous. Avez-vous d\u00e9j\u00e0 roul\u00e9 entre des montagnes ? Et entre des for\u00eats denses ? Ici, vous m\u00e9langerez les deux, et vous resterez bouche b\u00e9e, c'est quelque chose de fascinant.<\/p>\n\n\n\n<h2 class=\"wp-block-heading\">Col de la Furka, Suisse<\/h2>\n\n\n\n<figure class=\"wp-block-image size-full\"><img loading=\"lazy\" decoding=\"async\" width=\"1200\" height=\"913\" src=\"https:\/\/myclim8.com\/wp-content\/uploads\/2023\/05\/furka-pass-route.webp\" alt=\"\" class=\"wp-image-1774\" srcset=\"https:\/\/myclim8.com\/wp-content\/uploads\/2023\/05\/furka-pass-route.webp 1200w, https:\/\/myclim8.com\/wp-content\/uploads\/2023\/05\/furka-pass-route-600x457.webp 600w, https:\/\/myclim8.com\/wp-content\/uploads\/2023\/05\/furka-pass-route-768x584.webp 768w\" sizes=\"auto, (max-width: 1200px) 100vw, 1200px\" \/><\/figure>\n\n\n\n<p><em>Source : EPIKdrives<\/em><\/p>\n\n\n\n<p>L'une des routes les plus c\u00e9l\u00e8bres de la r\u00e9gion apr\u00e8s le film Goldfinger de James Bond, la Furka longe le versant nord de la vall\u00e9e de la Furkareuss entre le col du Grimsel et Andermatt. Vous trouverez cette travers\u00e9e sur la route 19, une route d\u00e9crite comme douce et calme. Profitez de la route pour vous confronter aux magnifiques vues de la vall\u00e9e \u00e0 l'est.<\/p>","protected":false},"excerpt":{"rendered":"<p>The must awaited season is here: Spring. And maybe you wondered which motorcycle ride you can enjoy before big sun rays fall on your head. For that, we have made you a list of our best Europe motorcycle rides of the spring. And, just remember that most of these roads are in altitude, so even [&hellip;]<\/p>\n","protected":false},"author":3,"featured_media":1774,"comment_status":"closed","ping_status":"open","sticky":false,"template":"","format":"standard","meta":{"_acf_changed":false,"_seopress_robots_primary_cat":"","_seopress_titles_title":"","_seopress_titles_desc":"","_seopress_robots_index":"","footnotes":""},"categories":[1],"tags":[],"class_list":{"0":"post-90","1":"post","2":"type-post","3":"status-publish","4":"format-standard","5":"has-post-thumbnail","7":"category-blog"},"acf":[],"_links":{"self":[{"href":"https:\/\/myclim8.com\/fr\/wp-json\/wp\/v2\/posts\/90","targetHints":{"allow":["GET"]}}],"collection":[{"href":"https:\/\/myclim8.com\/fr\/wp-json\/wp\/v2\/posts"}],"about":[{"href":"https:\/\/myclim8.com\/fr\/wp-json\/wp\/v2\/types\/post"}],"author":[{"embeddable":true,"href":"https:\/\/myclim8.com\/fr\/wp-json\/wp\/v2\/users\/3"}],"replies":[{"embeddable":true,"href":"https:\/\/myclim8.com\/fr\/wp-json\/wp\/v2\/comments?post=90"}],"version-history":[{"count":0,"href":"https:\/\/myclim8.com\/fr\/wp-json\/wp\/v2\/posts\/90\/revisions"}],"wp:featuredmedia":[{"embeddable":true,"href":"https:\/\/myclim8.com\/fr\/wp-json\/wp\/v2\/media\/1774"}],"wp:attachment":[{"href":"https:\/\/myclim8.com\/fr\/wp-json\/wp\/v2\/media?parent=90"}],"wp:term":[{"taxonomy":"category","embeddable":true,"href":"https:\/\/myclim8.com\/fr\/wp-json\/wp\/v2\/categories?post=90"},{"taxonomy":"post_tag","embeddable":true,"href":"https:\/\/myclim8.com\/fr\/wp-json\/wp\/v2\/tags?post=90"}],"curies":[{"name":"wp","href":"https:\/\/api.w.org\/{rel}","templated":true}]}}