{"id":53,"date":"2023-03-09T16:43:00","date_gmt":"2023-03-09T15:43:00","guid":{"rendered":"https:\/\/dev.myclim8.com\/?p=53"},"modified":"2024-07-11T16:42:32","modified_gmt":"2024-07-11T14:42:32","slug":"story-reach-the-top-of-mount-kilimanjaro-with-jason","status":"publish","type":"post","link":"https:\/\/myclim8.com\/fr\/blog\/story-reach-the-top-of-mount-kilimanjaro-with-jason\/","title":{"rendered":"Histoire : Atteindre le sommet du Kilimandjaro avec Jason"},"content":{"rendered":"<p>Aujourd'hui, Jason Klein va nous raconter comment il a v\u00e9cu l'ascension du Kilimandjaro en portant les gants chauffants Eddie Bauer x Clim8\u00ae.<\/p>\n\n\n\n<p>D'accord, commen\u00e7ons.<\/p>\n\n\n\n<h2 class=\"wp-block-heading\">Transcription<\/h2>\n\n\n\n<p>\"Bonjour, je m'appelle Jason Klein et, avec mon ami Nico, nous avons d\u00e9cid\u00e9, un peu comme un d\u00e9fi personnel, de faire l'ascension du Kilimandjaro.<\/p>\n\n\n\n<p><strong>Quel a \u00e9t\u00e9 votre plus grand d\u00e9fi ?<\/strong><br>\"Mon plus grand d\u00e9fi pendant la randonn\u00e9e a probablement \u00e9t\u00e9 l'altitude. Heureusement, le froid n'a pas \u00e9t\u00e9 un vrai d\u00e9fi pour moi car j'utilisais des gants Eddie Bauer x Clim8\u00ae.\"<\/p>\n\n\n\n<p><strong>Comment vous \u00eates-vous pr\u00e9par\u00e9 \u00e0 cette randonn\u00e9e ?<\/strong><br>\"Avant la randonn\u00e9e, je me pr\u00e9pare pendant environ 6 mois. Je les ai donc utilis\u00e9s pour m'entra\u00eener \u00e0 la randonn\u00e9e et \u00e0 la vraie randonn\u00e9e, c'\u00e9tait g\u00e9nial.<\/p>\n\n\n\n<p><strong>Quel temps faisait-il ?<\/strong><br>\"\u00c0 peu pr\u00e8s au moment o\u00f9 vous arrivez au sommet, c'est l\u00e0 que j'ai mis les gants presque tous les jours. Et il faisait probablement, je dirais vers le sommet, environ 0\u00b0F.\"<\/p>\n\n\n\n<p><strong>Qu'avez-vous pu faire gr\u00e2ce \u00e0 ces gants chauffants ?<br><\/strong>\"Comme j'avais les gants Eddie Bauer for Clim8\u00ae, j'ai pu me concentrer sur la randonn\u00e9e et je n'ai pas eu \u00e0 m'inqui\u00e9ter des \u00e9l\u00e9ments ou de quoi que ce soit d'autre.<\/p>\n\n\n\n<p><strong>Que pensez-vous de l'application Clim8\u00ae ?<br><\/strong>\"Ce que j'aime dans l'application, c'est qu'il suffit de cr\u00e9er un compte, de d\u00e9finir ses pr\u00e9f\u00e9rences et l'application s'occupe du reste.<\/p>\n\n\n\n<p><strong>Avez-vous d\u00e9j\u00e0 essay\u00e9 d'autres gants chauffants ?<br><\/strong>\"J'ai d\u00e9j\u00e0 test\u00e9 d'autres gants chauffants, mais ils \u00e9taient un peu diff\u00e9rents car ils avaient un bouton, alors ce que nous obtenons avec celui-ci, c'est que la batterie dure plus longtemps.<\/p>\n\n\n\n<p><strong>D\u00e9crivez votre exp\u00e9rience en trois mots.<br><\/strong>\"En trois mots, je d\u00e9crirai mon exp\u00e9rience thermique comme \u00e9tant pratique, chaleureuse et durable, je pense\".<\/p>\n\n\n\n<p>\"Merci Eddie Bauer et Clim8, j'appr\u00e9cie vraiment tout ce que vous avez fait pour moi, vous m'avez vraiment aid\u00e9 \u00e0 atteindre le sommet du Kilimandjaro et je n'aurais jamais pu le faire sans vous, alors merci beaucoup, j'appr\u00e9cie.\"<\/p>","protected":false},"excerpt":{"rendered":"<p>Today, Jason Klein will tell us what it was like to climb to the top of Mount Kilimanjaro wearing the Eddie Bauer x Clim8\u00ae heated gloves. Okay, so let\u2019s get started. Transcript \u201cHi, my name is Jason Klein and me along with my friend Nico we decided, it was kind like a personal challenge, that [&hellip;]<\/p>\n","protected":false},"author":3,"featured_media":1781,"comment_status":"closed","ping_status":"open","sticky":false,"template":"","format":"standard","meta":{"_acf_changed":false,"_seopress_robots_primary_cat":"","_seopress_titles_title":"","_seopress_titles_desc":"","_seopress_robots_index":"","footnotes":""},"categories":[1],"tags":[],"class_list":{"0":"post-53","1":"post","2":"type-post","3":"status-publish","4":"format-standard","5":"has-post-thumbnail","7":"category-blog"},"acf":[],"_links":{"self":[{"href":"https:\/\/myclim8.com\/fr\/wp-json\/wp\/v2\/posts\/53","targetHints":{"allow":["GET"]}}],"collection":[{"href":"https:\/\/myclim8.com\/fr\/wp-json\/wp\/v2\/posts"}],"about":[{"href":"https:\/\/myclim8.com\/fr\/wp-json\/wp\/v2\/types\/post"}],"author":[{"embeddable":true,"href":"https:\/\/myclim8.com\/fr\/wp-json\/wp\/v2\/users\/3"}],"replies":[{"embeddable":true,"href":"https:\/\/myclim8.com\/fr\/wp-json\/wp\/v2\/comments?post=53"}],"version-history":[{"count":0,"href":"https:\/\/myclim8.com\/fr\/wp-json\/wp\/v2\/posts\/53\/revisions"}],"wp:featuredmedia":[{"embeddable":true,"href":"https:\/\/myclim8.com\/fr\/wp-json\/wp\/v2\/media\/1781"}],"wp:attachment":[{"href":"https:\/\/myclim8.com\/fr\/wp-json\/wp\/v2\/media?parent=53"}],"wp:term":[{"taxonomy":"category","embeddable":true,"href":"https:\/\/myclim8.com\/fr\/wp-json\/wp\/v2\/categories?post=53"},{"taxonomy":"post_tag","embeddable":true,"href":"https:\/\/myclim8.com\/fr\/wp-json\/wp\/v2\/tags?post=53"}],"curies":[{"name":"wp","href":"https:\/\/api.w.org\/{rel}","templated":true}]}}