{"id":18,"date":"2022-03-14T16:04:00","date_gmt":"2022-03-14T15:04:00","guid":{"rendered":"https:\/\/dev.myclim8.com\/?p=18"},"modified":"2024-07-11T16:42:32","modified_gmt":"2024-07-11T14:42:32","slug":"eddie-bauer-x-clim8-a-new-partnership-based-on-innovation","status":"publish","type":"post","link":"https:\/\/myclim8.com\/fr\/blog\/eddie-bauer-x-clim8-a-new-partnership-based-on-innovation\/","title":{"rendered":"Eddie Bauer X Clim8\u00ae : un nouveau partenariat bas\u00e9 sur l'innovation"},"content":{"rendered":"<h2 class=\"wp-block-heading\">Quand une marque historique de v\u00eatements de ski rencontre les technologies portables<\/h2>\n\n\n\n<p>L'engagement de la marque Eddie Bauer va au-del\u00e0 des activit\u00e9s permises par ses produits. Les valeurs remontent \u00e0 l'origine, lorsque le fondateur a choisi de rendre l'ext\u00e9rieur plus attrayant en encourageant les gens \u00e0 sortir et \u00e0 profiter de la nature, m\u00eame en hiver.<\/p>\n\n\n\n<p>En collaboration avec Eddie Bauer, nous voulons permettre aux amateurs d'activit\u00e9s de plein air de vivre la meilleure exp\u00e9rience thermique possible et de commencer une nouvelle aventure. Pour cela, nous avons cr\u00e9\u00e9 des v\u00eatements fabriqu\u00e9s avec des tissus souples et respirants et aliment\u00e9s par un module r\u00e9sistant \u00e0 l'eau et un syst\u00e8me de batterie intelligent.<\/p>\n\n\n\n<h2 class=\"wp-block-heading\">Eddie Bauer : 100 ans d'innovation en mati\u00e8re de produits pour les aventures en plein air<\/h2>\n\n\n\n<p>Tout a commenc\u00e9 lorsque Eddie Bauer, un guide de plein air, a eu l'ambition de s'assurer que toutes les personnes \u00e9taient invit\u00e9es, accept\u00e9es et habilit\u00e9es \u00e0 s'\u00e9panouir dans la communaut\u00e9 des activit\u00e9s de plein air. Pour ce faire, en 1920, il a commenc\u00e9 \u00e0 produire des v\u00eatements de plein air.<\/p>\n\n\n\n<p>Apr\u00e8s avoir souffert d'hypothermie lors d'une partie de p\u00eache, Eddie Bauer a brevet\u00e9 la premi\u00e8re doudoune am\u00e9ricaine. \u00c0 ce moment-l\u00e0, il cherche \u00e0 r\u00e9volutionner l'industrie du textile pour temps froid et \u00e0 changer \u00e0 jamais l'industrie du plein air.<\/p>\n\n\n\n<figure class=\"wp-block-image size-full\"><img loading=\"lazy\" decoding=\"async\" width=\"1200\" height=\"500\" src=\"https:\/\/myclim8.com\/wp-content\/uploads\/2022\/03\/eddie-bauer-announcement3.webp\" alt=\"\" class=\"wp-image-1851\" srcset=\"https:\/\/myclim8.com\/wp-content\/uploads\/2022\/03\/eddie-bauer-announcement3.webp 1200w, https:\/\/myclim8.com\/wp-content\/uploads\/2022\/03\/eddie-bauer-announcement3-600x250.webp 600w, https:\/\/myclim8.com\/wp-content\/uploads\/2022\/03\/eddie-bauer-announcement3-768x320.webp 768w\" sizes=\"auto, (max-width: 1200px) 100vw, 1200px\" \/><\/figure>\n\n\n\n<p><strong>L'un des produits Eddie Bauer a \u00e9t\u00e9 le premier \u00e9quipement des alpinistes am\u00e9ricains et des exp\u00e9ditions scientifiques dans le monde entier au cours des 30 ann\u00e9es suivantes.<\/strong><\/p>\n\n\n\n<p>Leurs produits ont fait partie du record de la temp\u00e9rature la plus froide jamais enregistr\u00e9e sur Terre (-102.1\u00b0F, environ -74\u00b0C) et ils ont \u00e9quip\u00e9 de nombreuses ascensions des plus grandes montagnes froides, comme le Mont Everest et sa cr\u00eate ouest et la Grande Tour de Tango.<\/p>\n\n\n\n<p>L'objectif d'Eddie Bauer a toujours \u00e9t\u00e9 d'inciter les gens \u00e0 sortir pendant l'hiver et c'est pour cela qu'ils s'associent aujourd'hui \u00e0 notre marque Clim8\u00ae, qui r\u00e9pond parfaitement \u00e0 leurs ambitions.<\/p>\n\n\n\n<p><strong>\"Notre objectif est de fournir des produits qui permettent aux gens de vivre en plein air et avec Clim8, nous pouvons offrir un nouveau niveau de protection quelles que soient les conditions m\u00e9t\u00e9orologiques\", a d\u00e9clar\u00e9 Damien Huang, PDG d'Eddie Bauer.<\/strong><\/p>\n\n\n\n<p>Gr\u00e2ce \u00e0 ce nouveau partenariat, il ne fait aucun doute que vous profiterez des activit\u00e9s de plein air comme jamais auparavant. La technologie chauffante intelligente Clim8\u00ae maintiendra la temp\u00e9rature de confort de votre corps en fonction de l'intensit\u00e9 de votre activit\u00e9, dans un v\u00eatement polyvalent, extensible, r\u00e9sistant \u00e0 l'eau et respirant, \u00e0 m\u00eame la peau.<\/p>\n\n\n\n<p>Que vous fassiez du ski, de la randonn\u00e9e ou que vous passiez du temps avec votre famille dans la neige, vos v\u00eatements vous permettront de vous lib\u00e9rer l'esprit et de vous concentrer sur l'action.<\/p>\n\n\n\n<p>Vos v\u00eatements seront disponibles pour la saison d'automne et d'hiver 2022.<\/p>\n\n\n\n<figure class=\"wp-block-image size-full\"><img loading=\"lazy\" decoding=\"async\" width=\"1200\" height=\"800\" src=\"https:\/\/myclim8.com\/wp-content\/uploads\/2022\/03\/eddie-bauer-announcement2.webp\" alt=\"\" class=\"wp-image-1850\" srcset=\"https:\/\/myclim8.com\/wp-content\/uploads\/2022\/03\/eddie-bauer-announcement2.webp 1200w, https:\/\/myclim8.com\/wp-content\/uploads\/2022\/03\/eddie-bauer-announcement2-600x400.webp 600w, https:\/\/myclim8.com\/wp-content\/uploads\/2022\/03\/eddie-bauer-announcement2-768x512.webp 768w\" sizes=\"auto, (max-width: 1200px) 100vw, 1200px\" \/><\/figure>\n\n\n\n<p>Clim8 s'associe aux meilleures marques du monde pour concevoir les produits les mieux adapt\u00e9s aux besoins et au confort de l'utilisateur. Nous leur apportons l'intelligence n\u00e9cessaire pour qu'ils puissent s'adapter aux besoins et aux pr\u00e9f\u00e9rences de chaque utilisateur, et leur permettre de profiter d'une exp\u00e9rience thermique ultime et personnalis\u00e9e, sans \u00eatre perturb\u00e9s par les conditions m\u00e9t\u00e9orologiques.<\/p>\n\n\n\n<p>Les marques ont l'ambition de rendre les produits d\u00e9j\u00e0 bons encore meilleurs ! C'est la raison pour laquelle Clim8 a \u00e9t\u00e9 con\u00e7u. Int\u00e9gr\u00e9e dans les marques haut de gamme, la technologie thermique Clim8\u00ae rend ces produits haut de gamme encore meilleurs, afin que les marques puissent faire la diff\u00e9rence en apportant une valeur ajout\u00e9e.<\/p>\n\n\n\n<p><strong>Si vous voulez d\u00e9couvrir tous les v\u00eatements de ce partenariat, restez \u00e0 l'\u00e9coute sur nos m\u00e9dias sociaux, ci-dessous !<\/strong><\/p>","protected":false},"excerpt":{"rendered":"<p>When a historic skiwear brand meets wearable technologies The Eddie Bauer brand\u2019s commitment goes beyond the activities its products enable. The values go back to the beginning, when the founder chose to make the outside more attractive by encouraging people to get out and enjoy nature, even in winter. Together with Eddie Bauer, we want [&hellip;]<\/p>\n","protected":false},"author":3,"featured_media":1849,"comment_status":"closed","ping_status":"open","sticky":false,"template":"","format":"standard","meta":{"_acf_changed":false,"_seopress_robots_primary_cat":"","_seopress_titles_title":"","_seopress_titles_desc":"","_seopress_robots_index":"","footnotes":""},"categories":[1],"tags":[],"class_list":{"0":"post-18","1":"post","2":"type-post","3":"status-publish","4":"format-standard","5":"has-post-thumbnail","7":"category-blog"},"acf":[],"_links":{"self":[{"href":"https:\/\/myclim8.com\/fr\/wp-json\/wp\/v2\/posts\/18","targetHints":{"allow":["GET"]}}],"collection":[{"href":"https:\/\/myclim8.com\/fr\/wp-json\/wp\/v2\/posts"}],"about":[{"href":"https:\/\/myclim8.com\/fr\/wp-json\/wp\/v2\/types\/post"}],"author":[{"embeddable":true,"href":"https:\/\/myclim8.com\/fr\/wp-json\/wp\/v2\/users\/3"}],"replies":[{"embeddable":true,"href":"https:\/\/myclim8.com\/fr\/wp-json\/wp\/v2\/comments?post=18"}],"version-history":[{"count":0,"href":"https:\/\/myclim8.com\/fr\/wp-json\/wp\/v2\/posts\/18\/revisions"}],"wp:featuredmedia":[{"embeddable":true,"href":"https:\/\/myclim8.com\/fr\/wp-json\/wp\/v2\/media\/1849"}],"wp:attachment":[{"href":"https:\/\/myclim8.com\/fr\/wp-json\/wp\/v2\/media?parent=18"}],"wp:term":[{"taxonomy":"category","embeddable":true,"href":"https:\/\/myclim8.com\/fr\/wp-json\/wp\/v2\/categories?post=18"},{"taxonomy":"post_tag","embeddable":true,"href":"https:\/\/myclim8.com\/fr\/wp-json\/wp\/v2\/tags?post=18"}],"curies":[{"name":"wp","href":"https:\/\/api.w.org\/{rel}","templated":true}]}}