{"id":94,"date":"2023-07-11T11:42:00","date_gmt":"2023-07-11T09:42:00","guid":{"rendered":"https:\/\/dev.myclim8.com\/?p=94"},"modified":"2024-07-11T16:42:32","modified_gmt":"2024-07-11T14:42:32","slug":"keeping-it-cool-introducing-clim8s-revolutionary-cooling-tech","status":"publish","type":"post","link":"https:\/\/myclim8.com\/es\/blog\/keeping-it-cool-introducing-clim8s-revolutionary-cooling-tech\/","title":{"rendered":"Mant\u00e9ngase fresco: Presentamos la revolucionaria tecnolog\u00eda de refrigeraci\u00f3n Clim8"},"content":{"rendered":"<h2 class=\"wp-block-heading\">Redefinir el rendimiento de la ropa t\u00e9cnica: \u00a1el futuro mola!<\/h2>\n\n\n\n<p>Tras 7 a\u00f1os de desarrollo de la tecnolog\u00eda de calefacci\u00f3n, estamos encantados de anunciar que Clim8 ha sido elegido para participar en el programa de innovaci\u00f3n en ropa de combate ARMETISS. Esta innovadora iniciativa, financiada por la Uni\u00f3n Europea, pretende revolucionar la indumentaria de los soldados aprovechando tecnolog\u00edas textiles innovadoras. El objetivo principal del proyecto es crear prendas inteligentes que mejoren el rendimiento, la seguridad y el bienestar de los soldados.<\/p>\n\n\n\n<p>Conocido como ARMETISS (Smart Multifunction Textiles for integrated Soldier Systems), el proyecto pretende desarrollar una amplia gama de prendas y equipos inteligentes. Estos productos de vanguardia integrar\u00e1n diversas funciones adaptadas a las necesidades espec\u00edficas de los usuarios finales de la Uni\u00f3n Europea.<\/p>\n\n\n\n<p>Mediante el uso de tecnolog\u00edas textiles avanzadas, ARMETISS pretende dotar a los soldados de las capacidades necesarias para sobresalir en sus exigentes tareas, al tiempo que mejora significativamente su seguridad y bienestar durante las operaciones militares.<\/p>\n\n\n\n<p>El proyecto ARMETISS representa un importante paso adelante en la innovaci\u00f3n textil, ya que pretende desarrollar tecnolog\u00edas novedosas especialmente adaptadas a las diversas necesidades de los soldados de hoy en d\u00eda. Gracias a la perfecta integraci\u00f3n de funcionalidades inteligentes, esta iniciativa promete transformar la forma en que el personal militar experimenta su ropa y su equipo.<\/p>\n\n\n\n<figure class=\"wp-block-image size-full\"><img loading=\"lazy\" decoding=\"async\" width=\"1200\" height=\"374\" src=\"https:\/\/myclim8.com\/wp-content\/uploads\/2023\/07\/armetiss-project.webp\" alt=\"\" class=\"wp-image-1762\" srcset=\"https:\/\/myclim8.com\/wp-content\/uploads\/2023\/07\/armetiss-project.webp 1200w, https:\/\/myclim8.com\/wp-content\/uploads\/2023\/07\/armetiss-project-600x187.webp 600w, https:\/\/myclim8.com\/wp-content\/uploads\/2023\/07\/armetiss-project-768x239.webp 768w\" sizes=\"auto, (max-width: 1200px) 100vw, 1200px\" \/><\/figure>\n\n\n\n<p>Clim8 se encargar\u00e1 de desarrollar la nueva tecnolog\u00eda de refrigeraci\u00f3n y gesti\u00f3n t\u00e9rmica para este programa. Se trata de una nueva muestra de reconocimiento a la capacidad de innovaci\u00f3n \u00fanica de Clim8 y un paso importante y coherente hacia la apertura de otro apasionante cap\u00edtulo en su todav\u00eda joven historia corporativa.<\/p>\n\n\n\n<blockquote class=\"wp-block-quote is-layout-flow wp-block-quote-is-layout-flow\">\n<p>Estamos orgullosos de formar parte de este programa de soldados de nueva generaci\u00f3n, especialmente de que Clim8 sea reconocido como el experto en termorregulaci\u00f3n. Este proyecto es otro hito esencial para Clim8 -ahora con la adici\u00f3n de capacidades de refrigeraci\u00f3n- en nuestro camino hacia el desarrollo de la tecnolog\u00eda de gesti\u00f3n t\u00e9rmica definitiva para la ropa\".<\/p>\n<cite>Florian Miguet - Director General, Clim8<\/cite><\/blockquote>\n\n\n\n<p>Estamos entusiasmados y deseando ofrecer una soluci\u00f3n de gesti\u00f3n t\u00e9rmica superior para aquellos que nos protegen. M\u00e1s por venir...<\/p>","protected":false},"excerpt":{"rendered":"<p>Re-Defining Performance in Technical Apparel \u2013 the Future is Cool(ing)! After 7 years of development in the heating tech, we\u2019re now thrilled to announce that Clim8 has been chosen to participate in the ARMETISS combat clothing innovation program. This groundbreaking initiative, funded by the European Union aims to revolutionize soldier clothing by harnessing innovative textile [&hellip;]<\/p>\n","protected":false},"author":3,"featured_media":1765,"comment_status":"closed","ping_status":"open","sticky":false,"template":"","format":"standard","meta":{"_acf_changed":false,"_seopress_robots_primary_cat":"","_seopress_titles_title":"","_seopress_titles_desc":"","_seopress_robots_index":"","footnotes":""},"categories":[1],"tags":[],"class_list":{"0":"post-94","1":"post","2":"type-post","3":"status-publish","4":"format-standard","5":"has-post-thumbnail","7":"category-blog"},"acf":[],"_links":{"self":[{"href":"https:\/\/myclim8.com\/es\/wp-json\/wp\/v2\/posts\/94","targetHints":{"allow":["GET"]}}],"collection":[{"href":"https:\/\/myclim8.com\/es\/wp-json\/wp\/v2\/posts"}],"about":[{"href":"https:\/\/myclim8.com\/es\/wp-json\/wp\/v2\/types\/post"}],"author":[{"embeddable":true,"href":"https:\/\/myclim8.com\/es\/wp-json\/wp\/v2\/users\/3"}],"replies":[{"embeddable":true,"href":"https:\/\/myclim8.com\/es\/wp-json\/wp\/v2\/comments?post=94"}],"version-history":[{"count":0,"href":"https:\/\/myclim8.com\/es\/wp-json\/wp\/v2\/posts\/94\/revisions"}],"wp:featuredmedia":[{"embeddable":true,"href":"https:\/\/myclim8.com\/es\/wp-json\/wp\/v2\/media\/1765"}],"wp:attachment":[{"href":"https:\/\/myclim8.com\/es\/wp-json\/wp\/v2\/media?parent=94"}],"wp:term":[{"taxonomy":"category","embeddable":true,"href":"https:\/\/myclim8.com\/es\/wp-json\/wp\/v2\/categories?post=94"},{"taxonomy":"post_tag","embeddable":true,"href":"https:\/\/myclim8.com\/es\/wp-json\/wp\/v2\/tags?post=94"}],"curies":[{"name":"wp","href":"https:\/\/api.w.org\/{rel}","templated":true}]}}