{"id":90,"date":"2023-05-04T14:45:00","date_gmt":"2023-05-04T12:45:00","guid":{"rendered":"https:\/\/dev.myclim8.com\/?p=90"},"modified":"2024-07-11T16:42:32","modified_gmt":"2024-07-11T14:42:32","slug":"our-top-10-motorcycle-rides-in-europe-for-spring","status":"publish","type":"post","link":"https:\/\/myclim8.com\/es\/blog\/our-top-10-motorcycle-rides-in-europe-for-spring\/","title":{"rendered":"Nuestros 10 mejores viajes en moto por Europa en primavera"},"content":{"rendered":"<p>La estaci\u00f3n m\u00e1s esperada ya est\u00e1 aqu\u00ed: La primavera. Y tal vez te preguntes qu\u00e9 viaje en moto puedes disfrutar antes de que los grandes rayos de sol caigan sobre tu cabeza. Por eso, te hemos preparado una lista de nuestros mejores viajes en moto por Europa en primavera.<\/p>\n\n\n\n<p>Y recuerda que la mayor\u00eda de estas carreteras est\u00e1n en altitud, as\u00ed que aunque en las ciudades empiece a hacer calor, all\u00ed arriba podr\u00edas estar congel\u00e1ndote. As\u00ed que no olvides tus guantes t\u00e9rmicos Clim8\u00ae que han sido dise\u00f1ados para acompa\u00f1arte durante tus aventuras m\u00e1s incre\u00edbles en la carretera.<\/p>\n\n\n\n<h2 class=\"wp-block-heading\">D76 - Combe Laval, Francia<\/h2>\n\n\n\n<figure class=\"wp-block-image size-full\"><img loading=\"lazy\" decoding=\"async\" width=\"1200\" height=\"900\" src=\"https:\/\/myclim8.com\/wp-content\/uploads\/2023\/05\/combe-laval-route.webp\" alt=\"\" class=\"wp-image-1772\" srcset=\"https:\/\/myclim8.com\/wp-content\/uploads\/2023\/05\/combe-laval-route.webp 1200w, https:\/\/myclim8.com\/wp-content\/uploads\/2023\/05\/combe-laval-route-600x450.webp 600w, https:\/\/myclim8.com\/wp-content\/uploads\/2023\/05\/combe-laval-route-768x576.webp 768w\" sizes=\"auto, (max-width: 1200px) 100vw, 1200px\" \/><\/figure>\n\n\n\n<p><em>Fuente: Moto-Trip.com<\/em><\/p>\n\n\n\n<p>Adem\u00e1s de ser una de las carreteras m\u00e1s espectaculares del pa\u00eds, es tambi\u00e9n un patrimonio nacional que no debe perderse. Con vistas y paisajes \u00fanicos, esta carretera est\u00e1 separada de sus alrededores por los acantilados m\u00e1s escarpados. Como una fortaleza, la carretera gira alrededor de las monta\u00f1as de Vercors durante m\u00e1s de cuatro kil\u00f3metros, pasando por t\u00faneles y calzadas met\u00e1licas. Tenga cuidado con los acantilados y disfrute de las vistas.<\/p>\n\n\n\n<h2 class=\"wp-block-heading\">Strada della Forra, Italia<\/h2>\n\n\n\n<figure class=\"wp-block-image size-full\"><img loading=\"lazy\" decoding=\"async\" width=\"1200\" height=\"800\" src=\"https:\/\/myclim8.com\/wp-content\/uploads\/2023\/05\/forra-route.webp\" alt=\"\" class=\"wp-image-1773\" srcset=\"https:\/\/myclim8.com\/wp-content\/uploads\/2023\/05\/forra-route.webp 1200w, https:\/\/myclim8.com\/wp-content\/uploads\/2023\/05\/forra-route-600x400.webp 600w, https:\/\/myclim8.com\/wp-content\/uploads\/2023\/05\/forra-route-768x512.webp 768w\" sizes=\"auto, (max-width: 1200px) 100vw, 1200px\" \/><\/figure>\n\n\n\n<p><em>Fuente: Eventos Gran Turismo<\/em><\/p>\n\n\n\n<p>Denominada la octava maravilla del mundo por Winston Churchill, la Via della Forra es conocida como una de las carreteras m\u00e1s frescas y h\u00famedas de la zona. Una carretera que le permitir\u00e1 sumergirse en un espect\u00e1culo natural que combina luz y oscuridad con una vista espectacular del lago de Garda. Al bajar, disfrute de los restaurantes de altura que hay a lo largo de la carretera y luego contin\u00fae su camino.<\/p>\n\n\n\n<h2 class=\"wp-block-heading\">Paso de Klausen, Suiza<\/h2>\n\n\n\n<figure class=\"wp-block-image size-full\"><img loading=\"lazy\" decoding=\"async\" width=\"1200\" height=\"554\" src=\"https:\/\/myclim8.com\/wp-content\/uploads\/2023\/05\/klausenpass-route.webp\" alt=\"\" class=\"wp-image-1775\" srcset=\"https:\/\/myclim8.com\/wp-content\/uploads\/2023\/05\/klausenpass-route.webp 1200w, https:\/\/myclim8.com\/wp-content\/uploads\/2023\/05\/klausenpass-route-600x277.webp 600w, https:\/\/myclim8.com\/wp-content\/uploads\/2023\/05\/klausenpass-route-768x355.webp 768w\" sizes=\"auto, (max-width: 1200px) 100vw, 1200px\" \/><\/figure>\n\n\n\n<p><em>Fuente: La cabalgata francesa<\/em><\/p>\n\n\n\n<p>Si te gusta la velocidad en la carretera, esta es para ti. La carretera 17 entre Altdorf y Linthal, se estrecha en algunos lugares. Las curvas cerradas te obligan a reducir la velocidad en algunos lugares para disfrutar de las hermosas vistas de los campos y las monta\u00f1as que te rodean. Sin embargo, los atisbos de la carretera por delante te har\u00e1n acelerar con fuerza en otros lugares. Ten cuidado y disfruta del viaje, te sentir\u00e1s como una persona diminuta en medio de las monta\u00f1as.<\/p>\n\n\n\n<h2 class=\"wp-block-heading\">Col de la Bonnette, Francia<\/h2>\n\n\n\n<figure class=\"wp-block-image size-full\"><img loading=\"lazy\" decoding=\"async\" width=\"1200\" height=\"720\" src=\"https:\/\/myclim8.com\/wp-content\/uploads\/2023\/05\/col-bonette-route.webp\" alt=\"\" class=\"wp-image-1771\" srcset=\"https:\/\/myclim8.com\/wp-content\/uploads\/2023\/05\/col-bonette-route.webp 1200w, https:\/\/myclim8.com\/wp-content\/uploads\/2023\/05\/col-bonette-route-600x360.webp 600w, https:\/\/myclim8.com\/wp-content\/uploads\/2023\/05\/col-bonette-route-768x461.webp 768w\" sizes=\"auto, (max-width: 1200px) 100vw, 1200px\" \/><\/figure>\n\n\n\n<p><em>Fuente: Thomas Lang<\/em><\/p>\n\n\n\n<p>Subir al Col de la Bonnette es disfrutar escalando uno de los puntos m\u00e1s altos que se pueden alcanzar en una carretera asfaltada en Europa. A\u00f1ada esta ruta a su lista de cosas que hacer antes de morir, ya que se considera una ruta muy dif\u00edcil que estar\u00e1 muy orgulloso de conquistar y contar. Presta atenci\u00f3n y disfruta de las impresionantes vistas que te rodean.<\/p>\n\n\n\n<h2 class=\"wp-block-heading\">AL3102 - Bacares, Velifique, Espa\u00f1a<\/h2>\n\n\n\n<figure class=\"wp-block-image size-full\"><img loading=\"lazy\" decoding=\"async\" width=\"1200\" height=\"675\" src=\"https:\/\/myclim8.com\/wp-content\/uploads\/2023\/05\/bacares-route.webp\" alt=\"\" class=\"wp-image-1769\" srcset=\"https:\/\/myclim8.com\/wp-content\/uploads\/2023\/05\/bacares-route.webp 1200w, https:\/\/myclim8.com\/wp-content\/uploads\/2023\/05\/bacares-route-600x338.webp 600w, https:\/\/myclim8.com\/wp-content\/uploads\/2023\/05\/bacares-route-768x432.webp 768w\" sizes=\"auto, (max-width: 1200px) 100vw, 1200px\" \/><\/figure>\n\n\n\n<p><em>Fuente: Scenic Motorcycle Navigation<\/em><\/p>\n\n\n\n<p>A 2050 metros sobre el nivel del mar, esta ruta en la regi\u00f3n de Almer\u00eda es probablemente una de las m\u00e1s bellas de Europa para hacer durante la primavera. Despu\u00e9s de 31 km llegar\u00e1s a la cima, donde en un d\u00eda despejado tendr\u00e1s unas vistas impresionantes del desierto de Tabernas y del Parque Nacional de Sierra Nevada. Tenga cuidado, sin embargo, porque puede hacer mucho fr\u00edo all\u00ed arriba, aunque las temperaturas est\u00e1n subiendo en el sur del pa\u00eds.<\/p>\n\n\n\n<h2 class=\"wp-block-heading\">Costa Norte 500, Reino Unido<\/h2>\n\n\n\n<figure class=\"wp-block-image size-full\"><img loading=\"lazy\" decoding=\"async\" width=\"1200\" height=\"549\" src=\"https:\/\/myclim8.com\/wp-content\/uploads\/2023\/05\/northcoast-route.webp\" alt=\"\" class=\"wp-image-1776\" srcset=\"https:\/\/myclim8.com\/wp-content\/uploads\/2023\/05\/northcoast-route.webp 1200w, https:\/\/myclim8.com\/wp-content\/uploads\/2023\/05\/northcoast-route-600x275.webp 600w, https:\/\/myclim8.com\/wp-content\/uploads\/2023\/05\/northcoast-route-768x351.webp 768w\" sizes=\"auto, (max-width: 1200px) 100vw, 1200px\" \/><\/figure>\n\n\n\n<p><em>Fuente: Dayinsure<\/em><\/p>\n\n\n\n<p>Esta ruta es un bucle de 800 km alrededor de la zona norte de Escocia, que ofrece impresionantes vistas de las Highlands escocesas y de la costa. La ruta incluye carreteras sinuosas y terrenos dif\u00edciles, lo que la convierte en un destino muy popular entre los ciclistas experimentados. Es una de las rutas m\u00e1s pintorescas del Reino Unido y le encantar\u00e1. Por el camino encontrar\u00e1 castillos, monta\u00f1as escalables y playas incre\u00edbles.<\/p>\n\n\n\n<h2 class=\"wp-block-heading\">Ruta Rom\u00e1ntica, Alemania<\/h2>\n\n\n\n<figure class=\"wp-block-image size-full\"><img loading=\"lazy\" decoding=\"async\" width=\"1200\" height=\"800\" src=\"https:\/\/myclim8.com\/wp-content\/uploads\/2023\/05\/romantic-route.webp\" alt=\"\" class=\"wp-image-1777\" srcset=\"https:\/\/myclim8.com\/wp-content\/uploads\/2023\/05\/romantic-route.webp 1200w, https:\/\/myclim8.com\/wp-content\/uploads\/2023\/05\/romantic-route-600x400.webp 600w, https:\/\/myclim8.com\/wp-content\/uploads\/2023\/05\/romantic-route-768x512.webp 768w\" sizes=\"auto, (max-width: 1200px) 100vw, 1200px\" \/><\/figure>\n\n\n\n<p><em>Fuente: The Times<\/em><\/p>\n\n\n\n<p>Una ruta panor\u00e1mica que le llevar\u00e1 por encantadoras ciudades y pintorescos paisajes del sur de Alemania. La ruta incluye paradas en atracciones culturales e hist\u00f3ricas como la Residencia de Wurzburgo y el Castillo de Neuschwanstein, y abarca desde la \u00e9poca medieval. La ruta completa tiene 400 km, por lo que le aconsejamos que se tome su tiempo y dedique entre cuatro y siete d\u00edas a completarla.<\/p>\n\n\n\n<h2 class=\"wp-block-heading\">D918 - Col du Tourmalet, Francia<\/h2>\n\n\n\n<figure class=\"wp-block-image size-full\"><img loading=\"lazy\" decoding=\"async\" width=\"1200\" height=\"503\" src=\"https:\/\/myclim8.com\/wp-content\/uploads\/2023\/05\/tourmalet-route.webp\" alt=\"\" class=\"wp-image-1778\" srcset=\"https:\/\/myclim8.com\/wp-content\/uploads\/2023\/05\/tourmalet-route.webp 1200w, https:\/\/myclim8.com\/wp-content\/uploads\/2023\/05\/tourmalet-route-600x252.webp 600w, https:\/\/myclim8.com\/wp-content\/uploads\/2023\/05\/tourmalet-route-768x322.webp 768w\" sizes=\"auto, (max-width: 1200px) 100vw, 1200px\" \/><\/figure>\n\n\n\n<p><em>Fuente: Hotel Ciclista de los Pirineos<\/em><\/p>\n\n\n\n<p>La que tiene que estar en todas tus wishlist. Es una de las carreteras m\u00e1s impresionantes de Francia. Es una de las que te hacen sentir que conduces entre las nubes. Este lugar siempre ha sido legendario para los motoristas. Lo que hace tan atractiva esta ruta son sus largas rampas que s\u00f3lo se ven interrumpidas por algunos giros a lo largo del camino. Cuando llegues a la cima, te elevar\u00e1s a 2.115 m.<\/p>\n\n\n\n<h2 class=\"wp-block-heading\">Selva Negra, Alemania<\/h2>\n\n\n\n<figure class=\"wp-block-image size-full\"><img loading=\"lazy\" decoding=\"async\" width=\"1200\" height=\"598\" src=\"https:\/\/myclim8.com\/wp-content\/uploads\/2023\/05\/black-forest-route.webp\" alt=\"\" class=\"wp-image-1770\" srcset=\"https:\/\/myclim8.com\/wp-content\/uploads\/2023\/05\/black-forest-route.webp 1200w, https:\/\/myclim8.com\/wp-content\/uploads\/2023\/05\/black-forest-route-600x299.webp 600w, https:\/\/myclim8.com\/wp-content\/uploads\/2023\/05\/black-forest-route-768x383.webp 768w\" sizes=\"auto, (max-width: 1200px) 100vw, 1200px\" \/><\/figure>\n\n\n\n<p><em>Fuente: TomTom<\/em><\/p>\n\n\n\n<p>Situada a orillas del Rin, la Selva Negra es una cadena monta\u00f1osa boscosa y una zona famosa por sus relojes de cuco. \u00bfHa conducido alguna vez entre monta\u00f1as? \u00bfY entre densos bosques? Aqu\u00ed mezclar\u00e1 ambas cosas, y se quedar\u00e1 sin habla, ser\u00e1 algo fascinante.<\/p>\n\n\n\n<h2 class=\"wp-block-heading\">Paso de Furka, Suiza<\/h2>\n\n\n\n<figure class=\"wp-block-image size-full\"><img loading=\"lazy\" decoding=\"async\" width=\"1200\" height=\"913\" src=\"https:\/\/myclim8.com\/wp-content\/uploads\/2023\/05\/furka-pass-route.webp\" alt=\"\" class=\"wp-image-1774\" srcset=\"https:\/\/myclim8.com\/wp-content\/uploads\/2023\/05\/furka-pass-route.webp 1200w, https:\/\/myclim8.com\/wp-content\/uploads\/2023\/05\/furka-pass-route-600x457.webp 600w, https:\/\/myclim8.com\/wp-content\/uploads\/2023\/05\/furka-pass-route-768x584.webp 768w\" sizes=\"auto, (max-width: 1200px) 100vw, 1200px\" \/><\/figure>\n\n\n\n<p><em>Fuente: EPIKdrives<\/em><\/p>\n\n\n\n<p>La Furka, una de las carreteras m\u00e1s famosas de la regi\u00f3n tras la pel\u00edcula Goldfinger de James Bond, recorre la vertiente norte del valle del Furkareuss, entre el puerto de Grimsel y Andermatt. Encontrar\u00e1 esta traves\u00eda en la ruta 19, una carretera descrita como suave y tranquila. Aproveche la carretera para encontrarse cara a cara con las magn\u00edficas vistas del valle a su lado este.<\/p>","protected":false},"excerpt":{"rendered":"<p>The must awaited season is here: Spring. And maybe you wondered which motorcycle ride you can enjoy before big sun rays fall on your head. For that, we have made you a list of our best Europe motorcycle rides of the spring. And, just remember that most of these roads are in altitude, so even [&hellip;]<\/p>\n","protected":false},"author":3,"featured_media":1774,"comment_status":"closed","ping_status":"open","sticky":false,"template":"","format":"standard","meta":{"_acf_changed":false,"_seopress_robots_primary_cat":"","_seopress_titles_title":"","_seopress_titles_desc":"","_seopress_robots_index":"","footnotes":""},"categories":[1],"tags":[],"class_list":{"0":"post-90","1":"post","2":"type-post","3":"status-publish","4":"format-standard","5":"has-post-thumbnail","7":"category-blog"},"acf":[],"_links":{"self":[{"href":"https:\/\/myclim8.com\/es\/wp-json\/wp\/v2\/posts\/90","targetHints":{"allow":["GET"]}}],"collection":[{"href":"https:\/\/myclim8.com\/es\/wp-json\/wp\/v2\/posts"}],"about":[{"href":"https:\/\/myclim8.com\/es\/wp-json\/wp\/v2\/types\/post"}],"author":[{"embeddable":true,"href":"https:\/\/myclim8.com\/es\/wp-json\/wp\/v2\/users\/3"}],"replies":[{"embeddable":true,"href":"https:\/\/myclim8.com\/es\/wp-json\/wp\/v2\/comments?post=90"}],"version-history":[{"count":0,"href":"https:\/\/myclim8.com\/es\/wp-json\/wp\/v2\/posts\/90\/revisions"}],"wp:featuredmedia":[{"embeddable":true,"href":"https:\/\/myclim8.com\/es\/wp-json\/wp\/v2\/media\/1774"}],"wp:attachment":[{"href":"https:\/\/myclim8.com\/es\/wp-json\/wp\/v2\/media?parent=90"}],"wp:term":[{"taxonomy":"category","embeddable":true,"href":"https:\/\/myclim8.com\/es\/wp-json\/wp\/v2\/categories?post=90"},{"taxonomy":"post_tag","embeddable":true,"href":"https:\/\/myclim8.com\/es\/wp-json\/wp\/v2\/tags?post=90"}],"curies":[{"name":"wp","href":"https:\/\/api.w.org\/{rel}","templated":true}]}}