{"id":137,"date":"2024-01-31T17:02:00","date_gmt":"2024-01-31T16:02:00","guid":{"rendered":"https:\/\/dev.myclim8.com\/?p=137"},"modified":"2024-07-11T16:42:32","modified_gmt":"2024-07-11T14:42:32","slug":"blaklader-x-clim8-protecting-craftsmen-from-cold-conditions","status":"publish","type":"post","link":"https:\/\/myclim8.com\/es\/blog\/blaklader-x-clim8-protecting-craftsmen-from-cold-conditions\/","title":{"rendered":"Bl\u00e5kl\u00e4der X Clim8\u00ae: Proteger a los artesanos del fr\u00edo"},"content":{"rendered":"<h2 class=\"wp-block-heading\">Haciendo historia desde 1959<\/h2>\n\n\n\n<p>Bl\u00e5kl\u00e4der es la marca sueca de ropa de trabajo de alta calidad que lleva equipando a los artesanos de todo el mundo desde 1959, protegi\u00e9ndoles del calor, el fr\u00edo y algunos de los entornos de trabajo m\u00e1s exigentes del mundo profesional.<\/p>\n\n\n\n<p>Esta marca l\u00edder tiene una pasi\u00f3n: la calidad. Mejoran y adaptan constantemente sus soluciones para ofrecer innovaci\u00f3n y eficacia continuas. Comprometidos con los m\u00e1s altos est\u00e1ndares, prueban y perfeccionan rigurosamente las soluciones, dando prioridad a la funcionalidad inteligente que mejora la seguridad y la comodidad de sus usuarios.<\/p>\n\n\n\n<p>Su objetivo es que sus usuarios se sientan orgullosos y profesionales con sus equipos. En Bl\u00e5kl\u00e4der creen firmemente en desmentir la idea de que la calidad y la funcionalidad tienen que ser aburridas, demostr\u00e1ndolo a trav\u00e9s de su trabajo.<\/p>\n\n\n\n<h2 class=\"wp-block-heading\">Superar los l\u00edmites con un producto inteligente con calefacci\u00f3n<\/h2>\n\n\n\n<p>En el coraz\u00f3n de esta colaboraci\u00f3n se encuentra la tecnolog\u00eda punta de calefacci\u00f3n inteligente desarrollada por Clim8\u00ae. Este chaleco est\u00e1 equipado con sensores inteligentes que controlan y ajustan continuamente la temperatura en funci\u00f3n de las condiciones en tiempo real. \u00bfEl resultado? Un calor incomparable que se adapta a las necesidades del usuario, garantizando un confort y una destreza \u00f3ptimos durante todo el d\u00eda.<\/p>\n\n\n\n<p>Bl\u00e5kl\u00e4der, una marca de renombre en el sector de la ropa de trabajo, ha integrado a la perfecci\u00f3n la tecnolog\u00eda Clim8\u00ae en su dise\u00f1o, garantizando que el chaleco t\u00e9rmico inteligente no s\u00f3lo sea funcional, sino tambi\u00e9n elegante y c\u00f3modo. Acolchado en el torso y la espalda, con poli\u00e9ster de punto en los laterales, aumenta enormemente la comodidad y la libertad de movimientos.<\/p>\n\n\n\n<p>El calor del nuevo chaleco se regula autom\u00e1ticamente mediante sensores alimentados por bater\u00eda para garantizar que las condiciones meteorol\u00f3gicas no dificulten el confort y la productividad en el trabajo. Si el usuario prefiere controlar el calor manualmente, la temperatura puede ajustarse mediante la app Clim8\u00ae.<br>Gracias a sus sensores de calefacci\u00f3n autom\u00e1ticos incorporados, el chaleco es especialmente \u00fatil para los artesanos que alternan tareas activas e inactivas, ya que este equipo minimiza el riesgo de pasar fr\u00edo.<\/p>\n\n\n\n<figure class=\"wp-block-image size-full\"><img loading=\"lazy\" decoding=\"async\" width=\"1200\" height=\"677\" src=\"https:\/\/myclim8.com\/wp-content\/uploads\/2024\/01\/blaklader-protecting-craft-men-02.webp\" alt=\"\" class=\"wp-image-1690\" srcset=\"https:\/\/myclim8.com\/wp-content\/uploads\/2024\/01\/blaklader-protecting-craft-men-02.webp 1200w, https:\/\/myclim8.com\/wp-content\/uploads\/2024\/01\/blaklader-protecting-craft-men-02-600x339.webp 600w, https:\/\/myclim8.com\/wp-content\/uploads\/2024\/01\/blaklader-protecting-craft-men-02-768x433.webp 768w\" sizes=\"auto, (max-width: 1200px) 100vw, 1200px\" \/><\/figure>\n\n\n\n<blockquote class=\"wp-block-quote is-layout-flow wp-block-quote-is-layout-flow\">\n<p>Muchos de nuestros clientes trabajan en entornos duros en los que un poco m\u00e1s de calor puede suponer una gran diferencia. El chaleco t\u00e9rmico inteligente es una opci\u00f3n \u00f3ptima como prenda de abrigo para cualquiera que trabaje de pie en zonas fr\u00edas durante largos periodos y luego empiece a moverse, ya que el termostato ajusta autom\u00e1ticamente la temperatura seg\u00fan sea necesario, sin intervenci\u00f3n del usuario. Estamos convencidos de que ser\u00e1 un futuro cl\u00e1sico de la gama Bl\u00e5kl\u00e4der Workwear.<\/p>\n<cite>Ren\u00e9 Jean du Cosquer - Country Manager Francia, Bl\u00e5kl\u00e4der<\/cite><\/blockquote>\n\n\n\n<h2 class=\"wp-block-heading\">Prep\u00e1rate para embarcarte en una nueva era de condiciones laborales<\/h2>\n\n\n\n<p>Bl\u00e5kl\u00e4der y Clim8 han establecido un nuevo est\u00e1ndar para la ropa de trabajo. Esta colaboraci\u00f3n fusiona la experiencia de Bl\u00e5kl\u00e4der sobre el terreno y la innovadora tecnolog\u00eda de calefacci\u00f3n inteligente de Clim8\u00ae para maximizar tu comodidad y rendimiento en condiciones clim\u00e1ticas extremas.<\/p>","protected":false},"excerpt":{"rendered":"<p>Making history since 1959 Bl\u00e5kl\u00e4der is he Swedish brand of high-quality workwear, that has been outfitting the world\u2019s craftsmen since 1959, protecting them from heat, cold and some of the most challenging work environments in the professional world. This leader brand has one passion: quality. They\u2019re constantly improving and tailoring solutions for continuous innovation and [&hellip;]<\/p>\n","protected":false},"author":3,"featured_media":1689,"comment_status":"closed","ping_status":"open","sticky":false,"template":"","format":"standard","meta":{"_acf_changed":false,"_seopress_robots_primary_cat":"","_seopress_titles_title":"","_seopress_titles_desc":"","_seopress_robots_index":"","footnotes":""},"categories":[1],"tags":[],"class_list":{"0":"post-137","1":"post","2":"type-post","3":"status-publish","4":"format-standard","5":"has-post-thumbnail","7":"category-blog"},"acf":[],"_links":{"self":[{"href":"https:\/\/myclim8.com\/es\/wp-json\/wp\/v2\/posts\/137","targetHints":{"allow":["GET"]}}],"collection":[{"href":"https:\/\/myclim8.com\/es\/wp-json\/wp\/v2\/posts"}],"about":[{"href":"https:\/\/myclim8.com\/es\/wp-json\/wp\/v2\/types\/post"}],"author":[{"embeddable":true,"href":"https:\/\/myclim8.com\/es\/wp-json\/wp\/v2\/users\/3"}],"replies":[{"embeddable":true,"href":"https:\/\/myclim8.com\/es\/wp-json\/wp\/v2\/comments?post=137"}],"version-history":[{"count":1,"href":"https:\/\/myclim8.com\/es\/wp-json\/wp\/v2\/posts\/137\/revisions"}],"predecessor-version":[{"id":4857,"href":"https:\/\/myclim8.com\/es\/wp-json\/wp\/v2\/posts\/137\/revisions\/4857"}],"wp:featuredmedia":[{"embeddable":true,"href":"https:\/\/myclim8.com\/es\/wp-json\/wp\/v2\/media\/1689"}],"wp:attachment":[{"href":"https:\/\/myclim8.com\/es\/wp-json\/wp\/v2\/media?parent=137"}],"wp:term":[{"taxonomy":"category","embeddable":true,"href":"https:\/\/myclim8.com\/es\/wp-json\/wp\/v2\/categories?post=137"},{"taxonomy":"post_tag","embeddable":true,"href":"https:\/\/myclim8.com\/es\/wp-json\/wp\/v2\/tags?post=137"}],"curies":[{"name":"wp","href":"https:\/\/api.w.org\/{rel}","templated":true}]}}