{"id":90,"date":"2023-05-04T14:45:00","date_gmt":"2023-05-04T12:45:00","guid":{"rendered":"https:\/\/dev.myclim8.com\/?p=90"},"modified":"2024-07-11T16:42:32","modified_gmt":"2024-07-11T14:42:32","slug":"our-top-10-motorcycle-rides-in-europe-for-spring","status":"publish","type":"post","link":"https:\/\/myclim8.com\/de\/blog\/our-top-10-motorcycle-rides-in-europe-for-spring\/","title":{"rendered":"Unsere 10 besten Motorradtouren in Europa im Fr\u00fchling"},"content":{"rendered":"<p>Die lang ersehnte Jahreszeit ist da: Der Fr\u00fchling. Und vielleicht hast du dich gefragt, welche Motorradtouren du genie\u00dfen kannst, bevor die ersten Sonnenstrahlen auf deinen Kopf fallen. Deshalb haben wir f\u00fcr Sie eine Liste der besten Motorradtouren in Europa im Fr\u00fchling zusammengestellt.<\/p>\n\n\n\n<p>Und denken Sie daran, dass die meisten dieser Stra\u00dfen in der H\u00f6he liegen. Selbst wenn es in den St\u00e4dten hei\u00df wird, k\u00f6nnten Sie dort oben frieren. Vergessen Sie also nicht Ihre beheizten Clim8\u00ae-Handschuhe, die daf\u00fcr entwickelt wurden, Sie bei Ihren aufregendsten Abenteuern auf der Stra\u00dfe zu begleiten.<\/p>\n\n\n\n<h2 class=\"wp-block-heading\">D76 - Combe Laval, Frankreich<\/h2>\n\n\n\n<figure class=\"wp-block-image size-full\"><img loading=\"lazy\" decoding=\"async\" width=\"1200\" height=\"900\" src=\"https:\/\/myclim8.com\/wp-content\/uploads\/2023\/05\/combe-laval-route.webp\" alt=\"\" class=\"wp-image-1772\" srcset=\"https:\/\/myclim8.com\/wp-content\/uploads\/2023\/05\/combe-laval-route.webp 1200w, https:\/\/myclim8.com\/wp-content\/uploads\/2023\/05\/combe-laval-route-600x450.webp 600w, https:\/\/myclim8.com\/wp-content\/uploads\/2023\/05\/combe-laval-route-768x576.webp 768w\" sizes=\"auto, (max-width: 1200px) 100vw, 1200px\" \/><\/figure>\n\n\n\n<p><em>Quelle: Moto-Trip.de<\/em><\/p>\n\n\n\n<p>Sie ist nicht nur eine der spektakul\u00e4rsten Stra\u00dfen des Landes, sondern auch ein nationales Kulturerbe, das man nicht verpassen sollte. Mit einzigartigen Aussichten und Landschaften ist diese Stra\u00dfe durch die steilsten Felsen von ihrer Umgebung getrennt. Wie eine Festung dreht sich die Stra\u00dfe \u00fcber vier Kilometer um das Vercors-Gebirge und f\u00fchrt durch Tunnel und metallene D\u00e4mme. Achten Sie einfach auf die Felsen und genie\u00dfen Sie die Aussicht.<\/p>\n\n\n\n<h2 class=\"wp-block-heading\">Strada della Forra, Italien<\/h2>\n\n\n\n<figure class=\"wp-block-image size-full\"><img loading=\"lazy\" decoding=\"async\" width=\"1200\" height=\"800\" src=\"https:\/\/myclim8.com\/wp-content\/uploads\/2023\/05\/forra-route.webp\" alt=\"\" class=\"wp-image-1773\" srcset=\"https:\/\/myclim8.com\/wp-content\/uploads\/2023\/05\/forra-route.webp 1200w, https:\/\/myclim8.com\/wp-content\/uploads\/2023\/05\/forra-route-600x400.webp 600w, https:\/\/myclim8.com\/wp-content\/uploads\/2023\/05\/forra-route-768x512.webp 768w\" sizes=\"auto, (max-width: 1200px) 100vw, 1200px\" \/><\/figure>\n\n\n\n<p><em>Quelle: Gran Turismo Veranstaltungen<\/em><\/p>\n\n\n\n<p>Von Winston Churchill als achtes Weltwunder bezeichnet, ist die Via della Forra als eine der k\u00fchlsten und feuchtesten Stra\u00dfen der Region bekannt. Eine Stra\u00dfe, die es Ihnen erm\u00f6glicht, in ein Naturschauspiel einzutauchen, das Licht und Dunkelheit mit einem spektakul\u00e4ren Blick auf den Gardasee verbindet. Genie\u00dfen Sie auf dem Weg nach unten die hoch gelegenen Restaurants entlang der Stra\u00dfe und setzen Sie dann Ihren Weg fort.<\/p>\n\n\n\n<h2 class=\"wp-block-heading\">Klausenpass, Schweiz<\/h2>\n\n\n\n<figure class=\"wp-block-image size-full\"><img loading=\"lazy\" decoding=\"async\" width=\"1200\" height=\"554\" src=\"https:\/\/myclim8.com\/wp-content\/uploads\/2023\/05\/klausenpass-route.webp\" alt=\"\" class=\"wp-image-1775\" srcset=\"https:\/\/myclim8.com\/wp-content\/uploads\/2023\/05\/klausenpass-route.webp 1200w, https:\/\/myclim8.com\/wp-content\/uploads\/2023\/05\/klausenpass-route-600x277.webp 600w, https:\/\/myclim8.com\/wp-content\/uploads\/2023\/05\/klausenpass-route-768x355.webp 768w\" sizes=\"auto, (max-width: 1200px) 100vw, 1200px\" \/><\/figure>\n\n\n\n<p><em>Quelle: The French Ride<\/em><\/p>\n\n\n\n<p>Wenn Sie Geschwindigkeit auf der Stra\u00dfe m\u00f6gen, ist dies f\u00fcr Sie. Die Stra\u00dfe 17 zwischen Altdorf und Linthal ist an einigen Stellen sehr eng. Die engen Kurven zwingen Sie dazu, Ihre Geschwindigkeit an einigen Stellen zu reduzieren, um die sch\u00f6ne Aussicht auf die Felder und Berge um Sie herum zu genie\u00dfen. Die Ausblicke auf die vor Ihnen liegende Strecke werden Sie jedoch an anderen Stellen dazu veranlassen, stark zu beschleunigen. Seien Sie einfach vorsichtig und genie\u00dfen Sie die Fahrt, Sie werden sich wie ein kleiner Mensch inmitten der Berge f\u00fchlen.<\/p>\n\n\n\n<h2 class=\"wp-block-heading\">Col de la Bonnette, Frankreich<\/h2>\n\n\n\n<figure class=\"wp-block-image size-full\"><img loading=\"lazy\" decoding=\"async\" width=\"1200\" height=\"720\" src=\"https:\/\/myclim8.com\/wp-content\/uploads\/2023\/05\/col-bonette-route.webp\" alt=\"\" class=\"wp-image-1771\" srcset=\"https:\/\/myclim8.com\/wp-content\/uploads\/2023\/05\/col-bonette-route.webp 1200w, https:\/\/myclim8.com\/wp-content\/uploads\/2023\/05\/col-bonette-route-600x360.webp 600w, https:\/\/myclim8.com\/wp-content\/uploads\/2023\/05\/col-bonette-route-768x461.webp 768w\" sizes=\"auto, (max-width: 1200px) 100vw, 1200px\" \/><\/figure>\n\n\n\n<p><em>Quelle: Thomas Lang<\/em><\/p>\n\n\n\n<p>Den Col de la Bonnette zu befahren bedeutet, einen der h\u00f6chsten Punkte zu erklimmen, die man auf einer asphaltierten Stra\u00dfe in Europa erreichen kann. Setzen Sie diese Route auf Ihre Bucket List, denn sie gilt als eine sehr schwierige Strecke, die Sie mit Stolz bezwingen und von der Sie erz\u00e4hlen werden. Seien Sie aufmerksam und genie\u00dfen Sie die atemberaubenden Aussichten um Sie herum.<\/p>\n\n\n\n<h2 class=\"wp-block-heading\">AL3102 - Bacares, Velifique, Spanien<\/h2>\n\n\n\n<figure class=\"wp-block-image size-full\"><img loading=\"lazy\" decoding=\"async\" width=\"1200\" height=\"675\" src=\"https:\/\/myclim8.com\/wp-content\/uploads\/2023\/05\/bacares-route.webp\" alt=\"\" class=\"wp-image-1769\" srcset=\"https:\/\/myclim8.com\/wp-content\/uploads\/2023\/05\/bacares-route.webp 1200w, https:\/\/myclim8.com\/wp-content\/uploads\/2023\/05\/bacares-route-600x338.webp 600w, https:\/\/myclim8.com\/wp-content\/uploads\/2023\/05\/bacares-route-768x432.webp 768w\" sizes=\"auto, (max-width: 1200px) 100vw, 1200px\" \/><\/figure>\n\n\n\n<p><em>Quelle: Scenic Motorcycle Navigation<\/em><\/p>\n\n\n\n<p>Mit einer H\u00f6he von 2050 Metern \u00fcber dem Meeresspiegel ist diese Route in der Region Almeria wahrscheinlich eine der sch\u00f6nsten Strecken in Europa, die man im Fr\u00fchjahr unternehmen kann. Nach 31 km erreichen Sie den Gipfel, wo Sie an einem klaren Tag einen atemberaubenden Blick auf die Tabernas-W\u00fcste und den Nationalpark Sierra Nevada haben. Seien Sie jedoch vorsichtig, denn es kann dort oben sehr kalt sein, auch wenn die Temperaturen im S\u00fcden des Landes steigen.<\/p>\n\n\n\n<h2 class=\"wp-block-heading\">Nordk\u00fcste 500, UK<\/h2>\n\n\n\n<figure class=\"wp-block-image size-full\"><img loading=\"lazy\" decoding=\"async\" width=\"1200\" height=\"549\" src=\"https:\/\/myclim8.com\/wp-content\/uploads\/2023\/05\/northcoast-route.webp\" alt=\"\" class=\"wp-image-1776\" srcset=\"https:\/\/myclim8.com\/wp-content\/uploads\/2023\/05\/northcoast-route.webp 1200w, https:\/\/myclim8.com\/wp-content\/uploads\/2023\/05\/northcoast-route-600x275.webp 600w, https:\/\/myclim8.com\/wp-content\/uploads\/2023\/05\/northcoast-route-768x351.webp 768w\" sizes=\"auto, (max-width: 1200px) 100vw, 1200px\" \/><\/figure>\n\n\n\n<p><em>Quelle: Dayinsure<\/em><\/p>\n\n\n\n<p>Diese Route ist eine 500 Meilen lange Schleife durch den Norden Schottlands und bietet atemberaubende Ausblicke auf die schottischen Highlands und die K\u00fcste. Die Route umfasst kurvenreiche Stra\u00dfen und anspruchsvolles Gel\u00e4nde, was sie zu einem beliebten Ziel f\u00fcr erfahrene Radfahrer macht. Dies ist eine der landschaftlich reizvollsten Strecken im Vereinigten K\u00f6nigreich, und Sie werden sie lieben! Entlang der Strecke finden Sie Schl\u00f6sser, Kletterberge und unglaubliche Str\u00e4nde!<\/p>\n\n\n\n<h2 class=\"wp-block-heading\">Romantische Stra\u00dfe, Deutschland<\/h2>\n\n\n\n<figure class=\"wp-block-image size-full\"><img loading=\"lazy\" decoding=\"async\" width=\"1200\" height=\"800\" src=\"https:\/\/myclim8.com\/wp-content\/uploads\/2023\/05\/romantic-route.webp\" alt=\"\" class=\"wp-image-1777\" srcset=\"https:\/\/myclim8.com\/wp-content\/uploads\/2023\/05\/romantic-route.webp 1200w, https:\/\/myclim8.com\/wp-content\/uploads\/2023\/05\/romantic-route-600x400.webp 600w, https:\/\/myclim8.com\/wp-content\/uploads\/2023\/05\/romantic-route-768x512.webp 768w\" sizes=\"auto, (max-width: 1200px) 100vw, 1200px\" \/><\/figure>\n\n\n\n<p><em>Quelle: The Times<\/em><\/p>\n\n\n\n<p>Eine landschaftlich reizvolle Route, die Sie durch charmante St\u00e4dte und malerische Landschaften in S\u00fcddeutschland f\u00fchrt. Die Route umfasst Stopps an kulturellen und historischen Sehensw\u00fcrdigkeiten wie der W\u00fcrzburger Residenz und dem Schloss Neuschwanstein und bietet alles, was das Mittelalter zu bieten hat. Da die gesamte Strecke 400 km lang ist, sollten Sie sich Zeit nehmen und vier bis sieben Tage f\u00fcr die Strecke einplanen.<\/p>\n\n\n\n<h2 class=\"wp-block-heading\">D918 - Col du Tourmalet, Frankreich<\/h2>\n\n\n\n<figure class=\"wp-block-image size-full\"><img loading=\"lazy\" decoding=\"async\" width=\"1200\" height=\"503\" src=\"https:\/\/myclim8.com\/wp-content\/uploads\/2023\/05\/tourmalet-route.webp\" alt=\"\" class=\"wp-image-1778\" srcset=\"https:\/\/myclim8.com\/wp-content\/uploads\/2023\/05\/tourmalet-route.webp 1200w, https:\/\/myclim8.com\/wp-content\/uploads\/2023\/05\/tourmalet-route-600x252.webp 600w, https:\/\/myclim8.com\/wp-content\/uploads\/2023\/05\/tourmalet-route-768x322.webp 768w\" sizes=\"auto, (max-width: 1200px) 100vw, 1200px\" \/><\/figure>\n\n\n\n<p><em>Quelle: Pyren\u00e4en Radfahren Hotel<\/em><\/p>\n\n\n\n<p>Die Stra\u00dfe, die unbedingt auf Ihrer Wunschliste stehen muss. Dies ist eine der beeindruckendsten Stra\u00dfen Frankreichs. Sie ist einer der H\u00f6hepunkte, bei dem man das Gef\u00fchl hat, zwischen den Wolken zu fahren. Dieser Ort war schon immer ein legend\u00e4rer Ort f\u00fcr Motorradfahrer. Was diese Strecke so attraktiv macht, sind die langen Rampen, die nur durch ein paar Kurven unterbrochen werden. Wenn Sie den Gipfel erreichen, befinden Sie sich auf 2.115 m H\u00f6he.<\/p>\n\n\n\n<h2 class=\"wp-block-heading\">Schwarzwald, Deutschland<\/h2>\n\n\n\n<figure class=\"wp-block-image size-full\"><img loading=\"lazy\" decoding=\"async\" width=\"1200\" height=\"598\" src=\"https:\/\/myclim8.com\/wp-content\/uploads\/2023\/05\/black-forest-route.webp\" alt=\"\" class=\"wp-image-1770\" srcset=\"https:\/\/myclim8.com\/wp-content\/uploads\/2023\/05\/black-forest-route.webp 1200w, https:\/\/myclim8.com\/wp-content\/uploads\/2023\/05\/black-forest-route-600x299.webp 600w, https:\/\/myclim8.com\/wp-content\/uploads\/2023\/05\/black-forest-route-768x383.webp 768w\" sizes=\"auto, (max-width: 1200px) 100vw, 1200px\" \/><\/figure>\n\n\n\n<p><em>Quelle: TomTom<\/em><\/p>\n\n\n\n<p>Der Schwarzwald ist ein bewaldetes Gebirge auf der Seite des Rheins und ein Gebiet, das f\u00fcr seine Kuckucksuhren bekannt ist. Sind Sie schon einmal zwischen Bergen gefahren? Und zwischen dichten W\u00e4ldern? Hier werden Sie beides vermischen, und Sie werden sprachlos sein, es wird etwas Faszinierendes sein.<\/p>\n\n\n\n<h2 class=\"wp-block-heading\">Furkapass, Schweiz<\/h2>\n\n\n\n<figure class=\"wp-block-image size-full\"><img loading=\"lazy\" decoding=\"async\" width=\"1200\" height=\"913\" src=\"https:\/\/myclim8.com\/wp-content\/uploads\/2023\/05\/furka-pass-route.webp\" alt=\"\" class=\"wp-image-1774\" srcset=\"https:\/\/myclim8.com\/wp-content\/uploads\/2023\/05\/furka-pass-route.webp 1200w, https:\/\/myclim8.com\/wp-content\/uploads\/2023\/05\/furka-pass-route-600x457.webp 600w, https:\/\/myclim8.com\/wp-content\/uploads\/2023\/05\/furka-pass-route-768x584.webp 768w\" sizes=\"auto, (max-width: 1200px) 100vw, 1200px\" \/><\/figure>\n\n\n\n<p><em>Quelle: EPIKdrives<\/em><\/p>\n\n\n\n<p>Die Furka, die nach dem James-Bond-Film Goldfinger zu den ber\u00fchmtesten Strassen der Region z\u00e4hlt, verl\u00e4uft auf der Nordseite des Furkareusstals zwischen dem Grimselpass und Andermatt. Sie finden diese Kreuzung auf der Route 19, einer Stra\u00dfe, die als sanft und ruhig beschrieben wird. Nutzen Sie die Stra\u00dfe, um die herrliche Aussicht auf das Tal auf Ihrer Ostseite zu genie\u00dfen.<\/p>","protected":false},"excerpt":{"rendered":"<p>The must awaited season is here: Spring. And maybe you wondered which motorcycle ride you can enjoy before big sun rays fall on your head. For that, we have made you a list of our best Europe motorcycle rides of the spring. And, just remember that most of these roads are in altitude, so even [&hellip;]<\/p>\n","protected":false},"author":3,"featured_media":1774,"comment_status":"closed","ping_status":"open","sticky":false,"template":"","format":"standard","meta":{"_acf_changed":false,"_seopress_robots_primary_cat":"","_seopress_titles_title":"","_seopress_titles_desc":"","_seopress_robots_index":"","footnotes":""},"categories":[1],"tags":[],"class_list":{"0":"post-90","1":"post","2":"type-post","3":"status-publish","4":"format-standard","5":"has-post-thumbnail","7":"category-blog"},"acf":[],"_links":{"self":[{"href":"https:\/\/myclim8.com\/de\/wp-json\/wp\/v2\/posts\/90","targetHints":{"allow":["GET"]}}],"collection":[{"href":"https:\/\/myclim8.com\/de\/wp-json\/wp\/v2\/posts"}],"about":[{"href":"https:\/\/myclim8.com\/de\/wp-json\/wp\/v2\/types\/post"}],"author":[{"embeddable":true,"href":"https:\/\/myclim8.com\/de\/wp-json\/wp\/v2\/users\/3"}],"replies":[{"embeddable":true,"href":"https:\/\/myclim8.com\/de\/wp-json\/wp\/v2\/comments?post=90"}],"version-history":[{"count":0,"href":"https:\/\/myclim8.com\/de\/wp-json\/wp\/v2\/posts\/90\/revisions"}],"wp:featuredmedia":[{"embeddable":true,"href":"https:\/\/myclim8.com\/de\/wp-json\/wp\/v2\/media\/1774"}],"wp:attachment":[{"href":"https:\/\/myclim8.com\/de\/wp-json\/wp\/v2\/media?parent=90"}],"wp:term":[{"taxonomy":"category","embeddable":true,"href":"https:\/\/myclim8.com\/de\/wp-json\/wp\/v2\/categories?post=90"},{"taxonomy":"post_tag","embeddable":true,"href":"https:\/\/myclim8.com\/de\/wp-json\/wp\/v2\/tags?post=90"}],"curies":[{"name":"wp","href":"https:\/\/api.w.org\/{rel}","templated":true}]}}